{"id":4469,"date":"2021-05-24T08:10:20","date_gmt":"2021-05-24T08:10:20","guid":{"rendered":"https:\/\/eurosigno.com\/?p=4469"},"modified":"2021-05-24T08:10:20","modified_gmt":"2021-05-24T08:10:20","slug":"liberar-o-no-la-patente-de-la-vacuna-de-la-covid-19","status":"publish","type":"post","link":"https:\/\/eurosigno.com\/en\/liberar-o-no-la-patente-de-la-vacuna-de-la-covid-19\/","title":{"rendered":"La liberaci\u00f3n o no de la patente de la vacuna de la covid-19 a debate"},"content":{"rendered":"<p>El pasado 5 de Mayo el presidente de Estados Unidos, Joe Biden, cambi\u00f3 de postura y expres\u00f3 el apoyo de su pa\u00eds a la suspensi\u00f3n temporal de las patentes de las vacunas contra la COVID-19 y pidi\u00f3 al resto de pa\u00edses que apoyasen la iniciativa.\u00a0 La Organizaci\u00f3n Mundial de la Salud (OMS) tambi\u00e9n se postula a favor de un levantamiento temporal de las patentes producidas por Pfizer,\u00a0 Moderna, Johnson &amp; Johnson o AstraZeneca y tomar\u00e1 en un futuro pr\u00f3ximo una decisi\u00f3n por consenso. \u00a0Sin embargo, la mayor\u00eda de pa\u00edses son contrarios a la idea,\u00a0 incluida la Uni\u00f3n Europea.<\/p>\n<p>La liberalizaci\u00f3n de las patentes supondr\u00eda que las f\u00f3rmulas de fabricaci\u00f3n de las distintas vacunas creadas y registradas para combatir la Covid-19 podr\u00edan copiarse libremente por parte de otros laboratorios, sin incurrir en ninguna clase de vulneraci\u00f3n sobre el derecho que tiene el propietario de la patente, a cambio de una compensaci\u00f3n econ\u00f3mica.<\/p>\n<p>En Espa\u00f1a la <a href=\"https:\/\/www.boe.es\/buscar\/act.php?id=BOE-A-2015-8328\"><strong>Ley de Patentes 24\/2015<\/strong><\/a>,\u00a0 de 24 de julio, reconoce al titular de una invenci\u00f3n,\u00a0 como ser\u00eda una vacuna, la explotaci\u00f3n exclusiva por un periodo de 20 a\u00f1os una vez que sea concedida.\u00a0 En el art\u00edculo 81 de dicha Ley tambi\u00e9n se recoge la posibilidad de que el Estado pueda por razones excepcionales de utilidad p\u00fablica o inter\u00e9s general expropiar esas patentes y\/o forzar al titular de estas a que concedan las denominadas licencias obligatorias seg\u00fan lo establecido en el art\u00edculo 91 de la misma Ley. De esta manera, el Estado puede tener un control de la producci\u00f3n, fabricaci\u00f3n y distribuci\u00f3n del objeto de la patente y establecer los precios de su comercializaci\u00f3n.<\/p>\n<p>Para que esa expropiaci\u00f3n y\/o concesi\u00f3n de licencias obligatorias pueda formalizarse, el\u00a0Estado debe fijar previamente en forma de Ley\/Decreto la utilidad p\u00fablica o el inter\u00e9s social que justifique esa expropiaci\u00f3n y\/o licencia obligatoria, acordando de mutuo acuerdo entre las partes una indemnizaci\u00f3n y\/o precio de licencia.\u00a0 Todo ello hace muy complejas estas acciones de expropiaci\u00f3n y\/o licencias obligatorias,\u00a0 de hecho no existen ni en Espa\u00f1a ni en la Uni\u00f3n Europea precedentes en esta materia.<\/p>\n<p><strong>Los expertos creen que otras medidas podr\u00edan ser m\u00e1s efectivas<\/strong><\/p>\n<p>Las farmac\u00e9uticas aseguran que transferir el conocimiento de las patentes no ayudar\u00eda a aumentar la producci\u00f3n de estas. Seg\u00fan ellas el proceso de producci\u00f3n de las vacunas es muy novedoso y complejo,\u00a0 por ejemplo la inyecci\u00f3n de AstraZeneca se basa en ADN y requiere emplear c\u00e9lulas de mam\u00edferos para hacer crecer los virus de simio que se utilizan como veh\u00edculo. Las vacunas de ARN son incluso m\u00e1s complicadas, ya que es una tecnolog\u00eda nueva que requiere no solo cultivos en bacterias sino fabricar nanosferas de grasa que son esenciales para transportar la vacuna hasta las c\u00e9lulas y comenzar el proceso de inmunizaci\u00f3n.\u00a0Adem\u00e1s de otras limitaciones como la falta de expertos,\u00a0 materias primas y equipamiento de un solo uso.<\/p>\n<p>Por tanto, seg\u00fan los expertos la exenci\u00f3n de patentes no implicar\u00eda resultados r\u00e1pidos a nivel mundial, ya que la producci\u00f3n de vacunas es muy compleja y se necesitan a\u00f1os para que el control de la producci\u00f3n y calidad se establezca, por lo que no creen que la renuncia a las patentes tendr\u00eda efecto en 2021. Los especialistas proponen rutas alternativas para ayudar a los pa\u00edses en desarrollo y creen que la verdadera soluci\u00f3n radica en lograr un aumento dr\u00e1stico en la producci\u00f3n de las vacunas y aumentar las donaciones. Si se incrementa la producci\u00f3n y se comparten vacunas de forma m\u00e1s amplia, r\u00e1pida y a un costo asequible ser\u00eda la forma m\u00e1s eficaz de luchar contra la pandemia en todo el mundo en este momento cr\u00edtico.<\/p>\n<p>La decisi\u00f3n final sobre la liberalizaci\u00f3n o no de las patentes sobre equipamiento m\u00e9dico, tratamientos y vacunas para futuras pandemias debe tomarse ya, y eliminar de esta manera para el futuro trabas en la producci\u00f3n en las zonas m\u00e1s pobres del planeta.<\/p>\n<p>&nbsp;<\/p>\n<p>&nbsp;<\/p>","protected":false},"excerpt":{"rendered":"<p>El pasado 5 de Mayo el presidente de Estados Unidos, Joe Biden, cambi\u00f3 de postura y expres\u00f3 el apoyo de su pa\u00eds a la suspensi\u00f3n temporal de las patentes de las vacunas contra la COVID-19 y pidi\u00f3 al resto de pa\u00edses que apoyasen la iniciativa.\u00a0 La Organizaci\u00f3n Mundial de la Salud (OMS) tambi\u00e9n se postula&hellip;<\/p>","protected":false},"author":3,"featured_media":4472,"comment_status":"open","ping_status":"open","sticky":false,"template":"","format":"standard","meta":[],"categories":[54,35,15,37,14,1],"tags":[],"yoast_head":"<!-- This site is optimized with the Yoast SEO plugin v19.13 - https:\/\/yoast.com\/wordpress\/plugins\/seo\/ -->\n<title>Liberalizaci\u00f3n o no de la patente de la vacuna de la COVID-19 a debate<\/title>\n<meta name=\"description\" content=\"EEUU apoya la liberalizaci\u00f3n de la patente de la vacuna de la COVID-19 al igual que la OMS. Aunque la mayor\u00eda de pa\u00edses no apoyan esta iniciativa, incluida la UE. Los expertos justifican la negativa ya que a corto plazo no se conseguir\u00edan producir vacunas en pa\u00edses en v\u00edas de desarrollo.\" \/>\n<meta name=\"robots\" content=\"index, follow, max-snippet:-1, max-image-preview:large, max-video-preview:-1\" \/>\n<link rel=\"canonical\" href=\"https:\/\/eurosigno.com\/en\/liberar-o-no-la-patente-de-la-vacuna-de-la-covid-19\/\" \/>\n<meta property=\"og:locale\" content=\"en_GB\" \/>\n<meta property=\"og:type\" content=\"article\" \/>\n<meta property=\"og:title\" content=\"Liberalizaci\u00f3n o no de la patente de la vacuna de la COVID-19 a debate\" \/>\n<meta property=\"og:description\" content=\"EEUU apoya la liberalizaci\u00f3n de la patente de la vacuna de la COVID-19 al igual que la OMS. Aunque la mayor\u00eda de pa\u00edses no apoyan esta iniciativa, incluida la UE. Los expertos justifican la negativa ya que a corto plazo no se conseguir\u00edan producir vacunas en pa\u00edses en v\u00edas de desarrollo.\" \/>\n<meta property=\"og:url\" content=\"https:\/\/eurosigno.com\/en\/liberar-o-no-la-patente-de-la-vacuna-de-la-covid-19\/\" \/>\n<meta property=\"og:site_name\" content=\"Eurosigno Patentes y Marcas, S.L.\" \/>\n<meta property=\"article:published_time\" content=\"2021-05-24T08:10:20+00:00\" \/>\n<meta property=\"og:image\" content=\"https:\/\/eurosigno.com\/wp-content\/uploads\/2021\/05\/Vacuna-COVID_2.jpg\" \/>\n\t<meta property=\"og:image:width\" content=\"2700\" \/>\n\t<meta property=\"og:image:height\" content=\"900\" \/>\n\t<meta property=\"og:image:type\" content=\"image\/jpeg\" \/>\n<meta name=\"author\" content=\"Eurosigno Marcas y patentes\" \/>\n<meta name=\"twitter:card\" content=\"summary_large_image\" \/>\n<meta name=\"twitter:label1\" content=\"Written by\" \/>\n\t<meta name=\"twitter:data1\" content=\"Eurosigno Marcas y patentes\" \/>\n\t<meta name=\"twitter:label2\" content=\"Estimated reading time\" \/>\n\t<meta name=\"twitter:data2\" content=\"4 minutes\" \/>\n<script type=\"application\/ld+json\" class=\"yoast-schema-graph\">{\"@context\":\"https:\/\/schema.org\",\"@graph\":[{\"@type\":\"WebPage\",\"@id\":\"https:\/\/eurosigno.com\/liberar-o-no-la-patente-de-la-vacuna-de-la-covid-19\/\",\"url\":\"https:\/\/eurosigno.com\/liberar-o-no-la-patente-de-la-vacuna-de-la-covid-19\/\",\"name\":\"Liberalizaci\u00f3n o no de la patente de la vacuna de la COVID-19 a debate\",\"isPartOf\":{\"@id\":\"https:\/\/eurosigno.com\/#website\"},\"datePublished\":\"2021-05-24T08:10:20+00:00\",\"dateModified\":\"2021-05-24T08:10:20+00:00\",\"author\":{\"@id\":\"https:\/\/eurosigno.com\/#\/schema\/person\/15283dee5bac739a223b6ca8dbdba647\"},\"description\":\"EEUU apoya la liberalizaci\u00f3n de la patente de la vacuna de la COVID-19 al igual que la OMS. Aunque la mayor\u00eda de pa\u00edses no apoyan esta iniciativa, incluida la UE. Los expertos justifican la negativa ya que a corto plazo no se conseguir\u00edan producir vacunas en pa\u00edses en v\u00edas de desarrollo.\",\"breadcrumb\":{\"@id\":\"https:\/\/eurosigno.com\/liberar-o-no-la-patente-de-la-vacuna-de-la-covid-19\/#breadcrumb\"},\"inLanguage\":\"en-GB\",\"potentialAction\":[{\"@type\":\"ReadAction\",\"target\":[\"https:\/\/eurosigno.com\/liberar-o-no-la-patente-de-la-vacuna-de-la-covid-19\/\"]}]},{\"@type\":\"BreadcrumbList\",\"@id\":\"https:\/\/eurosigno.com\/liberar-o-no-la-patente-de-la-vacuna-de-la-covid-19\/#breadcrumb\",\"itemListElement\":[{\"@type\":\"ListItem\",\"position\":1,\"name\":\"Home\",\"item\":\"https:\/\/eurosigno.com\/\"},{\"@type\":\"ListItem\",\"position\":2,\"name\":\"La liberaci\u00f3n o no de la patente de la vacuna de la covid-19 a debate\"}]},{\"@type\":\"WebSite\",\"@id\":\"https:\/\/eurosigno.com\/#website\",\"url\":\"https:\/\/eurosigno.com\/\",\"name\":\"Eurosigno Patentes y Marcas, S.L.\",\"description\":\"Sitio web de Eurosigno S.L.\",\"potentialAction\":[{\"@type\":\"SearchAction\",\"target\":{\"@type\":\"EntryPoint\",\"urlTemplate\":\"https:\/\/eurosigno.com\/?s={search_term_string}\"},\"query-input\":\"required name=search_term_string\"}],\"inLanguage\":\"en-GB\"},{\"@type\":\"Person\",\"@id\":\"https:\/\/eurosigno.com\/#\/schema\/person\/15283dee5bac739a223b6ca8dbdba647\",\"name\":\"Eurosigno Marcas y patentes\",\"image\":{\"@type\":\"ImageObject\",\"inLanguage\":\"en-GB\",\"@id\":\"https:\/\/eurosigno.com\/#\/schema\/person\/image\/\",\"url\":\"https:\/\/secure.gravatar.com\/avatar\/6f2ca55a248542532285a8a6041a24c7?s=96&d=mm&r=g\",\"contentUrl\":\"https:\/\/secure.gravatar.com\/avatar\/6f2ca55a248542532285a8a6041a24c7?s=96&d=mm&r=g\",\"caption\":\"Eurosigno Marcas y patentes\"}}]}<\/script>\n<!-- \/ Yoast SEO plugin. -->","yoast_head_json":{"title":"Liberalizaci\u00f3n o no de la patente de la vacuna de la COVID-19 a debate","description":"EEUU apoya la liberalizaci\u00f3n de la patente de la vacuna de la COVID-19 al igual que la OMS. Aunque la mayor\u00eda de pa\u00edses no apoyan esta iniciativa, incluida la UE. Los expertos justifican la negativa ya que a corto plazo no se conseguir\u00edan producir vacunas en pa\u00edses en v\u00edas de desarrollo.","robots":{"index":"index","follow":"follow","max-snippet":"max-snippet:-1","max-image-preview":"max-image-preview:large","max-video-preview":"max-video-preview:-1"},"canonical":"https:\/\/eurosigno.com\/en\/liberar-o-no-la-patente-de-la-vacuna-de-la-covid-19\/","og_locale":"en_GB","og_type":"article","og_title":"Liberalizaci\u00f3n o no de la patente de la vacuna de la COVID-19 a debate","og_description":"EEUU apoya la liberalizaci\u00f3n de la patente de la vacuna de la COVID-19 al igual que la OMS. Aunque la mayor\u00eda de pa\u00edses no apoyan esta iniciativa, incluida la UE. Los expertos justifican la negativa ya que a corto plazo no se conseguir\u00edan producir vacunas en pa\u00edses en v\u00edas de desarrollo.","og_url":"https:\/\/eurosigno.com\/en\/liberar-o-no-la-patente-de-la-vacuna-de-la-covid-19\/","og_site_name":"Eurosigno Patentes y Marcas, S.L.","article_published_time":"2021-05-24T08:10:20+00:00","og_image":[{"width":2700,"height":900,"url":"https:\/\/eurosigno.com\/wp-content\/uploads\/2021\/05\/Vacuna-COVID_2.jpg","type":"image\/jpeg"}],"author":"Eurosigno Marcas y patentes","twitter_card":"summary_large_image","twitter_misc":{"Written by":"Eurosigno Marcas y patentes","Estimated reading time":"4 minutes"},"schema":{"@context":"https:\/\/schema.org","@graph":[{"@type":"WebPage","@id":"https:\/\/eurosigno.com\/liberar-o-no-la-patente-de-la-vacuna-de-la-covid-19\/","url":"https:\/\/eurosigno.com\/liberar-o-no-la-patente-de-la-vacuna-de-la-covid-19\/","name":"Liberalizaci\u00f3n o no de la patente de la vacuna de la COVID-19 a debate","isPartOf":{"@id":"https:\/\/eurosigno.com\/#website"},"datePublished":"2021-05-24T08:10:20+00:00","dateModified":"2021-05-24T08:10:20+00:00","author":{"@id":"https:\/\/eurosigno.com\/#\/schema\/person\/15283dee5bac739a223b6ca8dbdba647"},"description":"EEUU apoya la liberalizaci\u00f3n de la patente de la vacuna de la COVID-19 al igual que la OMS. Aunque la mayor\u00eda de pa\u00edses no apoyan esta iniciativa, incluida la UE. Los expertos justifican la negativa ya que a corto plazo no se conseguir\u00edan producir vacunas en pa\u00edses en v\u00edas de desarrollo.","breadcrumb":{"@id":"https:\/\/eurosigno.com\/liberar-o-no-la-patente-de-la-vacuna-de-la-covid-19\/#breadcrumb"},"inLanguage":"en-GB","potentialAction":[{"@type":"ReadAction","target":["https:\/\/eurosigno.com\/liberar-o-no-la-patente-de-la-vacuna-de-la-covid-19\/"]}]},{"@type":"BreadcrumbList","@id":"https:\/\/eurosigno.com\/liberar-o-no-la-patente-de-la-vacuna-de-la-covid-19\/#breadcrumb","itemListElement":[{"@type":"ListItem","position":1,"name":"Home","item":"https:\/\/eurosigno.com\/"},{"@type":"ListItem","position":2,"name":"La liberaci\u00f3n o no de la patente de la vacuna de la covid-19 a debate"}]},{"@type":"WebSite","@id":"https:\/\/eurosigno.com\/#website","url":"https:\/\/eurosigno.com\/","name":"Eurosigno Patentes y Marcas, S.L.","description":"Sitio web de Eurosigno S.L.","potentialAction":[{"@type":"SearchAction","target":{"@type":"EntryPoint","urlTemplate":"https:\/\/eurosigno.com\/?s={search_term_string}"},"query-input":"required name=search_term_string"}],"inLanguage":"en-GB"},{"@type":"Person","@id":"https:\/\/eurosigno.com\/#\/schema\/person\/15283dee5bac739a223b6ca8dbdba647","name":"Eurosigno Marcas y patentes","image":{"@type":"ImageObject","inLanguage":"en-GB","@id":"https:\/\/eurosigno.com\/#\/schema\/person\/image\/","url":"https:\/\/secure.gravatar.com\/avatar\/6f2ca55a248542532285a8a6041a24c7?s=96&d=mm&r=g","contentUrl":"https:\/\/secure.gravatar.com\/avatar\/6f2ca55a248542532285a8a6041a24c7?s=96&d=mm&r=g","caption":"Eurosigno Marcas y patentes"}}]}},"_links":{"self":[{"href":"https:\/\/eurosigno.com\/en\/wp-json\/wp\/v2\/posts\/4469"}],"collection":[{"href":"https:\/\/eurosigno.com\/en\/wp-json\/wp\/v2\/posts"}],"about":[{"href":"https:\/\/eurosigno.com\/en\/wp-json\/wp\/v2\/types\/post"}],"author":[{"embeddable":true,"href":"https:\/\/eurosigno.com\/en\/wp-json\/wp\/v2\/users\/3"}],"replies":[{"embeddable":true,"href":"https:\/\/eurosigno.com\/en\/wp-json\/wp\/v2\/comments?post=4469"}],"version-history":[{"count":0,"href":"https:\/\/eurosigno.com\/en\/wp-json\/wp\/v2\/posts\/4469\/revisions"}],"wp:featuredmedia":[{"embeddable":true,"href":"https:\/\/eurosigno.com\/en\/wp-json\/wp\/v2\/media\/4472"}],"wp:attachment":[{"href":"https:\/\/eurosigno.com\/en\/wp-json\/wp\/v2\/media?parent=4469"}],"wp:term":[{"taxonomy":"category","embeddable":true,"href":"https:\/\/eurosigno.com\/en\/wp-json\/wp\/v2\/categories?post=4469"},{"taxonomy":"post_tag","embeddable":true,"href":"https:\/\/eurosigno.com\/en\/wp-json\/wp\/v2\/tags?post=4469"}],"curies":[{"name":"wp","href":"https:\/\/api.w.org\/{rel}","templated":true}]}}